{"id":1990,"date":"2025-07-11T19:35:22","date_gmt":"2025-07-11T17:35:22","guid":{"rendered":"https:\/\/raccontamidite.com\/?p=1990"},"modified":"2025-07-11T19:35:24","modified_gmt":"2025-07-11T17:35:24","slug":"lodore-della-nebbia","status":"publish","type":"post","link":"https:\/\/raccontamidite.com\/index.php\/2025\/07\/11\/lodore-della-nebbia\/","title":{"rendered":"L&#8217;ODORE DELLA NEBBIA"},"content":{"rendered":"\n<p>Contrariamente a quanto potrebbe sembrare, non \u00e8 la primavera la stagione degli odori, ma l\u2019estate. La primavera \u00e8 la stagione dei profumi, ma gli odori sono un\u2019altra cosa: gli odori sono estivi. L\u2019odore della stoppia bruciata, l\u2019odore del mare quando il sole \u201csecca\u201d l\u2019acqua e lascia il salmastro sugli scogli; l\u2019odore intenso e mistico di terra bagnata che un temporale estivo si lascia dietro.<br>Andando per\u00f2 indietro con la memoria, il mio primo e pi\u00f9 intenso ricordo di odori, mi riporta in Calabria. E d\u2019inverno. L\u2019odore della nebbia! Era l\u2019inverno del \u201959: avevo cinque anni.<br>Mia madre, maestra elementare, aveva vinto il concorso a Catanzaro e il primo anno le fu assegnata Miglierina, un piccolissimo centro della provincia. Povert\u00e0 da Terzo Mondo, dignit\u00e0 da vendere. Io ero sicuramente un privilegiato. I miei primi amici mi chiamavano \u201cquello nuovo con le scarpe\u201d.<br>Giocavo con bambini e bambine che non avevano le scarpe. In mezzo alla neve. Perch\u00e9 la nebbia? Perch\u00e9 l\u2019odore della nebbia? Perch\u00e9 aveva un odore particolarissimo, tetro, mortale, e quando a volte mi capita di risentirlo, mi si accappona la pelle. In Calabria c\u2019era l\u2019usanza di ammazzare il maiale, e i freddi silenzi di quei giorni di neve venivano squarciati dalle urla dei maiali che soccombevano alla selvaggia e primitiva forza degli uomini. In un rito quasi tribale, sacrificavano l\u2019animale per farne, nel giro di poche ore, specialit\u00e0 tipiche: salsiccia, gelatina, sanguinacci, soppressata, \u2019nduja.<br>L\u2019odore del sangue, il vapore dell\u2019acqua bollente nel calderone, gli umori della bestia squartata, si alzavano e restavano sospesi nella densit\u00e0 della nebbia. Avevo la sensazione di respirare la morte, mentre a Miglierina in quei giorni era festa: si mangiava carne al posto delle castagne. Ricordo la mia tracotante superbia. Odiavo quegli uomini allegri e sazi di carne. Non avrei mai condiviso neanche una briciola della loro crudelt\u00e0. Ci sono voluti degli anni prima che assaggiassi la carne e ancora oggi, se posso, la evito. Preferisco le castagne.<br>Un ricordo bellissimo \u00e8, invece, il pane di Calabria. L\u2019odore del pane. Se qualcuno mi chiedesse di esprimere un desiderio, non avrei alcun dubbio. \u00c8 un desiderio infantile, lo riconosco, e forse \u00e8 bello proprio perch\u00e9 infantile. Il mio desiderio \u00e8 che tutti i bambini del mondo abbiano la possibilit\u00e0 di assaggiare e odorare il pane di Calabria. Di quella Calabria. Quelle enormi ciambelle di pane, simili a ruote di carro, che stavano infilzate in un palo che usciva dalla parete di una bottega dove si vendeva di tutto. Poco ma tutto\u2026 e non per tutti.<br>Di fronte alla variet\u00e0 di pane oggi in commercio, non posso non tornare indietro, in quella bottega di Miglierina e guardare dal basso dei miei cinque anni quelle ruote di pane, unica forma, unica variet\u00e0, unica qualit\u00e0 di pane. Allora non potevo arrivare a quel palo nel muro, oggi me ne ricordo come se quel palo custodisse il cibo degli dei.<br>\u00c8 a forma di ruota il pane di Dio.<\/p>\n\n\n\n<p>Autore: Filippo Bozzali<\/p>\n\n\n\n<p>Dipinto: Matteo Garzia<\/p>\n<div style=\"margin: 20px 0;\"><div class=\"qrcswholewtapper\" style=\"text-align:left;\"><div class=\"qrcprowrapper\"  id=\"qrcwraa2leds\"><div class=\"qrc_canvass\" id=\"qrc_cuttenpages_2\" style=\"display:inline-block\" data-text=\"https:\/\/raccontamidite.com\/index.php\/2025\/07\/11\/lodore-della-nebbia\/\"><\/div><div><a download=\"L&#8217;ODORE DELLA NEBBIA.png\" class=\"qrcdownloads\" id=\"worign\">\r\n           <button type=\"button\" style=\"min-width:400px;background:#c8fd8c;color:#000;font-weight: 600;border: 1px solid #dddddd;border-radius:4px;font-size:12px;padding: 6px 0;\" class=\"uqr_code_btn\">Download QR<\/button>\r\n           <\/a><\/div><\/div><\/div><\/div>","protected":false},"excerpt":{"rendered":"<p>Contrariamente a quanto potrebbe sembrare, non \u00e8 la primavera la stagione degli odori, ma l\u2019estate. La primavera \u00e8 la stagione dei profumi, ma gli odori sono un\u2019altra cosa: gli odori sono estivi. L\u2019odore della stoppia bruciata, l\u2019odore del mare quando il sole \u201csecca\u201d l\u2019acqua e lascia il salmastro sugli scogli; l\u2019odore intenso e mistico di [&hellip;]<\/p>\n","protected":false},"author":2,"featured_media":1991,"comment_status":"closed","ping_status":"open","sticky":false,"template":"","format":"standard","meta":{"site-sidebar-layout":"default","site-content-layout":"","ast-site-content-layout":"default","site-content-style":"default","site-sidebar-style":"default","ast-global-header-display":"","ast-banner-title-visibility":"","ast-main-header-display":"","ast-hfb-above-header-display":"","ast-hfb-below-header-display":"","ast-hfb-mobile-header-display":"","site-post-title":"","ast-breadcrumbs-content":"","ast-featured-img":"","footer-sml-layout":"","theme-transparent-header-meta":"","adv-header-id-meta":"","stick-header-meta":"","header-above-stick-meta":"","header-main-stick-meta":"","header-below-stick-meta":"","astra-migrate-meta-layouts":"set","ast-page-background-enabled":"default","ast-page-background-meta":{"desktop":{"background-color":"","background-image":"","background-repeat":"repeat","background-position":"center center","background-size":"auto","background-attachment":"scroll","background-type":"","background-media":"","overlay-type":"","overlay-color":"","overlay-opacity":"","overlay-gradient":""},"tablet":{"background-color":"","background-image":"","background-repeat":"repeat","background-position":"center center","background-size":"auto","background-attachment":"scroll","background-type":"","background-media":"","overlay-type":"","overlay-color":"","overlay-opacity":"","overlay-gradient":""},"mobile":{"background-color":"","background-image":"","background-repeat":"repeat","background-position":"center center","background-size":"auto","background-attachment":"scroll","background-type":"","background-media":"","overlay-type":"","overlay-color":"","overlay-opacity":"","overlay-gradient":""}},"ast-content-background-meta":{"desktop":{"background-color":"var(--ast-global-color-5)","background-image":"","background-repeat":"repeat","background-position":"center center","background-size":"auto","background-attachment":"scroll","background-type":"","background-media":"","overlay-type":"","overlay-color":"","overlay-opacity":"","overlay-gradient":""},"tablet":{"background-color":"var(--ast-global-color-5)","background-image":"","background-repeat":"repeat","background-position":"center center","background-size":"auto","background-attachment":"scroll","background-type":"","background-media":"","overlay-type":"","overlay-color":"","overlay-opacity":"","overlay-gradient":""},"mobile":{"background-color":"var(--ast-global-color-5)","background-image":"","background-repeat":"repeat","background-position":"center center","background-size":"auto","background-attachment":"scroll","background-type":"","background-media":"","overlay-type":"","overlay-color":"","overlay-opacity":"","overlay-gradient":""}},"footnotes":""},"categories":[29],"tags":[],"class_list":["post-1990","post","type-post","status-publish","format-standard","has-post-thumbnail","hentry","category-racconti-4a-edizione"],"aioseo_notices":[],"_links":{"self":[{"href":"https:\/\/raccontamidite.com\/index.php\/wp-json\/wp\/v2\/posts\/1990","targetHints":{"allow":["GET"]}}],"collection":[{"href":"https:\/\/raccontamidite.com\/index.php\/wp-json\/wp\/v2\/posts"}],"about":[{"href":"https:\/\/raccontamidite.com\/index.php\/wp-json\/wp\/v2\/types\/post"}],"author":[{"embeddable":true,"href":"https:\/\/raccontamidite.com\/index.php\/wp-json\/wp\/v2\/users\/2"}],"replies":[{"embeddable":true,"href":"https:\/\/raccontamidite.com\/index.php\/wp-json\/wp\/v2\/comments?post=1990"}],"version-history":[{"count":1,"href":"https:\/\/raccontamidite.com\/index.php\/wp-json\/wp\/v2\/posts\/1990\/revisions"}],"predecessor-version":[{"id":1992,"href":"https:\/\/raccontamidite.com\/index.php\/wp-json\/wp\/v2\/posts\/1990\/revisions\/1992"}],"wp:featuredmedia":[{"embeddable":true,"href":"https:\/\/raccontamidite.com\/index.php\/wp-json\/wp\/v2\/media\/1991"}],"wp:attachment":[{"href":"https:\/\/raccontamidite.com\/index.php\/wp-json\/wp\/v2\/media?parent=1990"}],"wp:term":[{"taxonomy":"category","embeddable":true,"href":"https:\/\/raccontamidite.com\/index.php\/wp-json\/wp\/v2\/categories?post=1990"},{"taxonomy":"post_tag","embeddable":true,"href":"https:\/\/raccontamidite.com\/index.php\/wp-json\/wp\/v2\/tags?post=1990"}],"curies":[{"name":"wp","href":"https:\/\/api.w.org\/{rel}","templated":true}]}}