{"id":1399,"date":"2022-05-16T20:09:11","date_gmt":"2022-05-16T18:09:11","guid":{"rendered":"https:\/\/raccontamidite.com\/?p=1399"},"modified":"2022-05-16T20:09:12","modified_gmt":"2022-05-16T18:09:12","slug":"una-storia-triste-non-lo-e-mai-del-tutto","status":"publish","type":"post","link":"https:\/\/raccontamidite.com\/index.php\/2022\/05\/16\/una-storia-triste-non-lo-e-mai-del-tutto\/","title":{"rendered":"Una storia triste non lo \u00e8 mai del tutto"},"content":{"rendered":"\n<p>L\u2019Europa bruciava sotto il fuoco della seconda guerra mondiale, ed io ero ancora molto piccolo quando mio padre, ad un certo punto, fu richiamato alle armi. Lui che era stato capitano di artiglieria e poi avvocato a Roma, quando ho deciso di nascere io, ritorn\u00f2 a casa, a Modica, insieme a mia mia madre. Lei voleva infatti partorirmi in Sicilia.<\/p>\n\n\n\n<p>Lui che fu l\u2019ultimo podest\u00e0 nel 1939 e dunque primo sindaco di Modica, esautorato dai federali fascisti perch\u00e9 fece arrestare un gruppo di squadristi dediti all\u2019olio di ricino e alle botte facili, fu richiamato alle armi e si ritrov\u00f2, a quasi quarant\u2019anni, ad Avellino in un campo di istruzione per artiglieri. L\u00ec riprese ad usare le armi. E si meravigliava per come l\u2019Italia, sottomessa dai tedeschi, affidasse la sua resistenza a cannoni di legno piazzati dentro le casamatte \u201c\u2026come ci possiamo difendere cos\u00ec?\u201d continuava a ripetere. Nel 1942 fu trasferito a Palermo e assegnato nel Comando Generale del Corpo di Armata della Sicilia, guidato dal Generale Dav\u00ec. Il Generale lo nomin\u00f2 aiutante di corpo dell\u2019armata a Palermo, ed \u00e8 l\u00ec che una mattina di luglio arriv\u00f2 una telefonata: \u201cStanno sbarcando! Gli americani!\u201d. La guerra continuava, crudele, e per ben due volte pap\u00e0 mio si ritrov\u00f2 sotto le macerie al riparo delle arcate del palazzo che fungeva da base militare. Tante volte chiamarono Roma per avere disposizioni, ma la risposta era sempre la stessa: \u201cVi faremo sapere\u201d \u2026 Nella confusione pi\u00f9 totale, con il Generale Dav\u00ec a Roma al Comando Generale, mio padre rimase a dirigere i suoi uomini senza riuscire ad ottenere indicazioni precise, fino a quando gli ordinarono di ritirare le truppe per prevenire eccidi come quelli accaduti ad Acate.<\/p>\n\n\n\n<p>E fu cos\u00ec che a pap\u00e0 mio tocc\u00f2 guidare la ritirata e attraversare lo Stretto per ultimo, portando con s\u00e8 tutti i documenti militari del Comando. Piangeva, ogni volta che gli capitava di raccontare che erano partiti in 120 e, attraversando lo stretto, erano rimasti in 11: le zattere erano state ripetutamente mitragliate dagli aeroplani tedeschi in volo. Al suo fianco, fedele compagno di sventura, il suo assistente personale: Turiddu Tona, un giovane che in seguito rester\u00e0 a servizio della nostra famiglia per tutta la vita. Durante la traversata, stettero abbracciati per farsi forza e vincere la paura. Tanto era stato il turbamento emotivo che, una volta approdati in Calabria, mio padre si accorse che i capelli di Turiddu erano diventati tutti bianchi. \u00c8 con lui che, durante la ritirata, fin\u00ec catturato dagli Alleati e imprigionato in un campo di concentramento tra Napoli e Lecce. Arriv\u00f2 il tempo della Liberazione: pap\u00e0 mio e Turiddu riacquistarono l\u2019agognata libert\u00e0 e raggiunsero Foggia con mezzi di fortuna. L\u00ec abitava mio zio. Ci vollero quattro mesi per riuscire a tornare nella nostra casa di Modica, in Corso Umberto. Nel frattempo era nata mia sorella, che ancora non aveva conosciuto il suo pap\u00e0. Che emozione bellissima quel giorno! Bussarono alla porta ed era pap\u00e0 mio! Mia madre lo abbracci\u00f2 forte e subito dopo gli disse che \u201cChe brutto sei senza baffi!\u201d. E lui se li fece ricrescere. Pap\u00e0 mio: Ernesto Pinzero.<\/p>\n\n\n\n<p>Con gli occhi di un bambino, ora, come allora.<\/p>\n\n\n\n<p>Autore: Lorenzo Pinzero<\/p>\n\n\n\n<p>Dipinto: Milena Nicosia<\/p>\n<div style=\"margin: 20px 0;\"><div class=\"qrcswholewtapper\" style=\"text-align:left;\"><div class=\"qrcprowrapper\"  id=\"qrcwraa2leds\"><div class=\"qrc_canvass\" id=\"qrc_cuttenpages_2\" style=\"display:inline-block\" data-text=\"https:\/\/raccontamidite.com\/index.php\/2022\/05\/16\/una-storia-triste-non-lo-e-mai-del-tutto\/\"><\/div><div><a download=\"Una storia triste non lo \u00e8 mai del tutto.png\" class=\"qrcdownloads\" id=\"worign\">\r\n           <button type=\"button\" style=\"min-width:400px;background:#c8fd8c;color:#000;font-weight: 600;border: 1px solid #dddddd;border-radius:4px;font-size:12px;padding: 6px 0;\" class=\"uqr_code_btn\">Download QR<\/button>\r\n           <\/a><\/div><\/div><\/div><\/div>","protected":false},"excerpt":{"rendered":"<p>L\u2019Europa bruciava sotto il fuoco della seconda guerra mondiale, ed io ero ancora molto piccolo quando mio padre, ad un certo punto, fu richiamato alle armi. Lui che era stato capitano di artiglieria e poi avvocato a Roma, quando ho deciso di nascere io, ritorn\u00f2 a casa, a Modica, insieme a mia mia madre. Lei [&hellip;]<\/p>\n","protected":false},"author":2,"featured_media":1400,"comment_status":"closed","ping_status":"open","sticky":false,"template":"","format":"standard","meta":{"site-sidebar-layout":"default","site-content-layout":"","ast-site-content-layout":"default","site-content-style":"default","site-sidebar-style":"default","ast-global-header-display":"","ast-banner-title-visibility":"","ast-main-header-display":"","ast-hfb-above-header-display":"","ast-hfb-below-header-display":"","ast-hfb-mobile-header-display":"","site-post-title":"","ast-breadcrumbs-content":"","ast-featured-img":"","footer-sml-layout":"","theme-transparent-header-meta":"","adv-header-id-meta":"","stick-header-meta":"","header-above-stick-meta":"","header-main-stick-meta":"","header-below-stick-meta":"","astra-migrate-meta-layouts":"default","ast-page-background-enabled":"default","ast-page-background-meta":{"desktop":{"background-color":"","background-image":"","background-repeat":"repeat","background-position":"center center","background-size":"auto","background-attachment":"scroll","background-type":"","background-media":"","overlay-type":"","overlay-color":"","overlay-opacity":"","overlay-gradient":""},"tablet":{"background-color":"","background-image":"","background-repeat":"repeat","background-position":"center center","background-size":"auto","background-attachment":"scroll","background-type":"","background-media":"","overlay-type":"","overlay-color":"","overlay-opacity":"","overlay-gradient":""},"mobile":{"background-color":"","background-image":"","background-repeat":"repeat","background-position":"center center","background-size":"auto","background-attachment":"scroll","background-type":"","background-media":"","overlay-type":"","overlay-color":"","overlay-opacity":"","overlay-gradient":""}},"ast-content-background-meta":{"desktop":{"background-color":"var(--ast-global-color-5)","background-image":"","background-repeat":"repeat","background-position":"center center","background-size":"auto","background-attachment":"scroll","background-type":"","background-media":"","overlay-type":"","overlay-color":"","overlay-opacity":"","overlay-gradient":""},"tablet":{"background-color":"var(--ast-global-color-5)","background-image":"","background-repeat":"repeat","background-position":"center center","background-size":"auto","background-attachment":"scroll","background-type":"","background-media":"","overlay-type":"","overlay-color":"","overlay-opacity":"","overlay-gradient":""},"mobile":{"background-color":"var(--ast-global-color-5)","background-image":"","background-repeat":"repeat","background-position":"center center","background-size":"auto","background-attachment":"scroll","background-type":"","background-media":"","overlay-type":"","overlay-color":"","overlay-opacity":"","overlay-gradient":""}},"footnotes":""},"categories":[22],"tags":[],"class_list":["post-1399","post","type-post","status-publish","format-standard","has-post-thumbnail","hentry","category-racconti"],"aioseo_notices":[],"_links":{"self":[{"href":"https:\/\/raccontamidite.com\/index.php\/wp-json\/wp\/v2\/posts\/1399","targetHints":{"allow":["GET"]}}],"collection":[{"href":"https:\/\/raccontamidite.com\/index.php\/wp-json\/wp\/v2\/posts"}],"about":[{"href":"https:\/\/raccontamidite.com\/index.php\/wp-json\/wp\/v2\/types\/post"}],"author":[{"embeddable":true,"href":"https:\/\/raccontamidite.com\/index.php\/wp-json\/wp\/v2\/users\/2"}],"replies":[{"embeddable":true,"href":"https:\/\/raccontamidite.com\/index.php\/wp-json\/wp\/v2\/comments?post=1399"}],"version-history":[{"count":1,"href":"https:\/\/raccontamidite.com\/index.php\/wp-json\/wp\/v2\/posts\/1399\/revisions"}],"predecessor-version":[{"id":1401,"href":"https:\/\/raccontamidite.com\/index.php\/wp-json\/wp\/v2\/posts\/1399\/revisions\/1401"}],"wp:featuredmedia":[{"embeddable":true,"href":"https:\/\/raccontamidite.com\/index.php\/wp-json\/wp\/v2\/media\/1400"}],"wp:attachment":[{"href":"https:\/\/raccontamidite.com\/index.php\/wp-json\/wp\/v2\/media?parent=1399"}],"wp:term":[{"taxonomy":"category","embeddable":true,"href":"https:\/\/raccontamidite.com\/index.php\/wp-json\/wp\/v2\/categories?post=1399"},{"taxonomy":"post_tag","embeddable":true,"href":"https:\/\/raccontamidite.com\/index.php\/wp-json\/wp\/v2\/tags?post=1399"}],"curies":[{"name":"wp","href":"https:\/\/api.w.org\/{rel}","templated":true}]}}